{"id":248,"date":"2016-04-14T15:26:01","date_gmt":"2016-04-14T14:26:01","guid":{"rendered":"http:\/\/www.janvondrak.net\/?p=248"},"modified":"2016-04-21T15:29:21","modified_gmt":"2016-04-21T14:29:21","slug":"jak-basnici-cekaji-na-zazrak-2016","status":"publish","type":"post","link":"https:\/\/www.janvondrak.net\/index.php\/jak-basnici-cekaji-na-zazrak-2016","title":{"rendered":"Jak b\u00e1sn\u00edci \u010dekaj\u00ed na z\u00e1zrak (2016)"},"content":{"rendered":"<p>\u0160t\u011bp\u00e1n, Kendy a Karas z\u016fstali i po dvan\u00e1cti letech sami sebou. Je jim pades\u00e1t a c\u00edt\u00ed, \u017ee by m\u011bli d\u00e1t sv\u00fdm \u017eivot\u016fm n\u011bjak\u00fd \u0159\u00e1d a splnit si svoje touhy a p\u0159\u00e1n\u00ed. A jak je zn\u00e1mo, z\u00e1zrak\u016fm je t\u0159eba pom\u00e1hat!<\/p>\n<p>Re\u017eis\u00e9\u0159i: Du\u0161an Klein<br \/>\nMoje pr\u00e1ce: spr\u00e1va dat<\/p>\n<p>&nbsp;<\/p>\n<hr \/>\n<h6>More information on<br \/>\n<a href=\"http:\/\/www.imdb.com\/title\/tt5033722\/\" target=\"_blank\"><img loading=\"lazy\" decoding=\"async\" class=\"alignnone size-full wp-image-220\" src=\"https:\/\/www.janvondrak.net\/wp-content\/uploads\/imdb.png\" alt=\"imdb\" width=\"63\" height=\"30\" srcset=\"https:\/\/www.janvondrak.net\/wp-content\/uploads\/imdb.png 63w, https:\/\/www.janvondrak.net\/wp-content\/uploads\/imdb-2x1.png 2w\" sizes=\"auto, (max-width: 63px) 100vw, 63px\" \/><\/a><\/h6>\n<p><\/p>","protected":false},"excerpt":{"rendered":"<p>\u0160t\u011bp\u00e1n, Kendy a Karas z\u016fstali i po dvan\u00e1cti letech sami sebou. Je jim pades\u00e1t a c\u00edt\u00ed, \u017ee by m\u011bli d\u00e1t sv\u00fdm \u017eivot\u016fm n\u011bjak\u00fd \u0159\u00e1d a splnit si svoje touhy a p\u0159\u00e1n\u00ed. A jak je zn\u00e1mo, z\u00e1zrak\u016fm je t\u0159eba pom\u00e1hat!<\/p>\n<p>Re\u017eis\u00e9\u0159i: Du\u0161an Klein<br \/>\nMoje pr\u00e1ce: spr\u00e1va dat<\/p>\n","protected":false},"author":1,"featured_media":250,"comment_status":"closed","ping_status":"closed","sticky":false,"template":"","format":"standard","meta":{"footnotes":""},"categories":[4],"tags":[6],"class_list":["post-248","post","type-post","status-publish","format-standard","has-post-thumbnail","hentry","category-projekty","tag-film-a-reklama"],"_links":{"self":[{"href":"https:\/\/www.janvondrak.net\/index.php\/wp-json\/wp\/v2\/posts\/248","targetHints":{"allow":["GET"]}}],"collection":[{"href":"https:\/\/www.janvondrak.net\/index.php\/wp-json\/wp\/v2\/posts"}],"about":[{"href":"https:\/\/www.janvondrak.net\/index.php\/wp-json\/wp\/v2\/types\/post"}],"author":[{"embeddable":true,"href":"https:\/\/www.janvondrak.net\/index.php\/wp-json\/wp\/v2\/users\/1"}],"replies":[{"embeddable":true,"href":"https:\/\/www.janvondrak.net\/index.php\/wp-json\/wp\/v2\/comments?post=248"}],"version-history":[{"count":2,"href":"https:\/\/www.janvondrak.net\/index.php\/wp-json\/wp\/v2\/posts\/248\/revisions"}],"predecessor-version":[{"id":251,"href":"https:\/\/www.janvondrak.net\/index.php\/wp-json\/wp\/v2\/posts\/248\/revisions\/251"}],"wp:featuredmedia":[{"embeddable":true,"href":"https:\/\/www.janvondrak.net\/index.php\/wp-json\/wp\/v2\/media\/250"}],"wp:attachment":[{"href":"https:\/\/www.janvondrak.net\/index.php\/wp-json\/wp\/v2\/media?parent=248"}],"wp:term":[{"taxonomy":"category","embeddable":true,"href":"https:\/\/www.janvondrak.net\/index.php\/wp-json\/wp\/v2\/categories?post=248"},{"taxonomy":"post_tag","embeddable":true,"href":"https:\/\/www.janvondrak.net\/index.php\/wp-json\/wp\/v2\/tags?post=248"}],"curies":[{"name":"wp","href":"https:\/\/api.w.org\/{rel}","templated":true}]}}